{"id":1626,"date":"2023-02-20T08:25:16","date_gmt":"2023-02-20T08:25:16","guid":{"rendered":"https:\/\/sati-project.eu\/sati-1-ortak-toplantisi\/"},"modified":"2023-02-20T08:25:19","modified_gmt":"2023-02-20T08:25:19","slug":"sati-1-ortak-toplantisi","status":"publish","type":"post","link":"https:\/\/sati-project.eu\/tr\/sati-1-ortak-toplantisi\/","title":{"rendered":"\u201cSATI\u201d | 1. ORTAK TOPLANTISI"},"content":{"rendered":"<p>[et_pb_section fb_built=&#8221;1&#8243; admin_label=&#8221;section&#8221; _builder_version=&#8221;4.16&#8243; global_colors_info=&#8221;{}&#8221; theme_builder_area=&#8221;post_content&#8221;][et_pb_row admin_label=&#8221;row&#8221; _builder_version=&#8221;4.16&#8243; background_size=&#8221;initial&#8221; background_position=&#8221;top_left&#8221; background_repeat=&#8221;repeat&#8221; global_colors_info=&#8221;{}&#8221; theme_builder_area=&#8221;post_content&#8221;][et_pb_column type=&#8221;4_4&#8243; _builder_version=&#8221;4.16&#8243; custom_padding=&#8221;|||&#8221; global_colors_info=&#8221;{}&#8221; custom_padding__hover=&#8221;|||&#8221; theme_builder_area=&#8221;post_content&#8221;][et_pb_text admin_label=&#8221;Text&#8221; _builder_version=&#8221;4.16&#8243; background_size=&#8221;initial&#8221; background_position=&#8221;top_left&#8221; background_repeat=&#8221;repeat&#8221; global_colors_info=&#8221;{}&#8221; theme_builder_area=&#8221;post_content&#8221;]<\/p>\n<p>\u0130lk \u00e7evrimi\u00e7i Ulus\u00f6tesi Ortak Toplant\u0131m\u0131z 24 Haziran 2021 Per\u015fembe g\u00fcn\u00fc ger\u00e7ekle\u015fti.<\/p>\n<p>Toplant\u0131n\u0131n amac\u0131, proje faaliyetlerini, y\u00f6netim ve idari prosed\u00fcrleri, Fikri \u00c7\u0131kt\u0131lar\u0131n uygulanmas\u0131n\u0131 tart\u0131\u015fmak ve her bir faaliyet i\u00e7in zaman plan\u0131n\u0131 belirlemekti.<\/p>\n<p>T\u00fcm ortak temsilcileri kendilerini ve projedeki rollerini k\u0131saca tan\u0131tt\u0131.<\/p>\n<p>G\u00fcndeme g\u00f6re, Proje Koordinat\u00f6r\u00fc, projenin temel unsurlar\u0131ndan bahsederek ve projenin \u00e7ekirde\u011fini olu\u015fturan be\u015f Fikri \u00c7\u0131kt\u0131n\u0131n temel konular\u0131n\u0131 k\u0131saca a\u00e7\u0131klayarak SATI&#8217;ye genel bir bak\u0131\u015f sundu.&nbsp;<\/p>\n<p>IO Liderleri sunumlar\u0131n\u0131 yapt\u0131&nbsp;ana faaliyetler ve&nbsp;di\u011fer ortaklar\u0131n katk\u0131s\u0131.<\/p>\n<p>Proje Koordinat\u00f6r\u00fcn\u00fcn ard\u0131ndan, proje y\u00f6netimi i\u00e7in dahili destekleyici belgeler ve prosed\u00fcrler sunuldu.<\/p>\n<p>Son olarak, De\u011ferlendirme El Kitab\u0131nda a\u00e7\u0131klanan proje de\u011ferlendirme ve kalite g\u00fcvence prosed\u00fcrlerinin taslak versiyonunu sundu.<\/p>\n<p>[\/et_pb_text][\/et_pb_column][\/et_pb_row][\/et_pb_section]<\/p>\n","protected":false},"excerpt":{"rendered":"<p>\u0130lk \u00e7evrimi\u00e7i Ulus\u00f6tesi Ortak Toplant\u0131m\u0131z 24 Haziran 2021 Per\u015fembe g\u00fcn\u00fc ger\u00e7ekle\u015fti. Toplant\u0131n\u0131n amac\u0131, proje faaliyetlerini, y\u00f6netim ve idari prosed\u00fcrleri, Fikri \u00c7\u0131kt\u0131lar\u0131n uygulanmas\u0131n\u0131 tart\u0131\u015fmak ve her bir faaliyet i\u00e7in zaman plan\u0131n\u0131 belirlemekti. T\u00fcm ortak temsilcileri kendilerini ve projedeki rollerini k\u0131saca tan\u0131tt\u0131. G\u00fcndeme g\u00f6re, Proje Koordinat\u00f6r\u00fc, projenin temel unsurlar\u0131ndan bahsederek ve projenin \u00e7ekirde\u011fini olu\u015fturan be\u015f Fikri \u00c7\u0131kt\u0131n\u0131n [&hellip;]<\/p>\n","protected":false},"author":1,"featured_media":694,"comment_status":"open","ping_status":"open","sticky":false,"template":"","format":"standard","meta":{"_et_pb_use_builder":"on","_et_pb_old_content":"","_et_gb_content_width":"","footnotes":""},"categories":[31],"tags":[],"class_list":["post-1626","post","type-post","status-publish","format-standard","has-post-thumbnail","hentry","category-sati-tr"],"_links":{"self":[{"href":"https:\/\/sati-project.eu\/tr\/wp-json\/wp\/v2\/posts\/1626","targetHints":{"allow":["GET"]}}],"collection":[{"href":"https:\/\/sati-project.eu\/tr\/wp-json\/wp\/v2\/posts"}],"about":[{"href":"https:\/\/sati-project.eu\/tr\/wp-json\/wp\/v2\/types\/post"}],"author":[{"embeddable":true,"href":"https:\/\/sati-project.eu\/tr\/wp-json\/wp\/v2\/users\/1"}],"replies":[{"embeddable":true,"href":"https:\/\/sati-project.eu\/tr\/wp-json\/wp\/v2\/comments?post=1626"}],"version-history":[{"count":2,"href":"https:\/\/sati-project.eu\/tr\/wp-json\/wp\/v2\/posts\/1626\/revisions"}],"predecessor-version":[{"id":1628,"href":"https:\/\/sati-project.eu\/tr\/wp-json\/wp\/v2\/posts\/1626\/revisions\/1628"}],"wp:featuredmedia":[{"embeddable":true,"href":"https:\/\/sati-project.eu\/tr\/wp-json\/wp\/v2\/media\/694"}],"wp:attachment":[{"href":"https:\/\/sati-project.eu\/tr\/wp-json\/wp\/v2\/media?parent=1626"}],"wp:term":[{"taxonomy":"category","embeddable":true,"href":"https:\/\/sati-project.eu\/tr\/wp-json\/wp\/v2\/categories?post=1626"},{"taxonomy":"post_tag","embeddable":true,"href":"https:\/\/sati-project.eu\/tr\/wp-json\/wp\/v2\/tags?post=1626"}],"curies":[{"name":"wp","href":"https:\/\/api.w.org\/{rel}","templated":true}]}}